{"id":380,"date":"2026-02-02T10:47:47","date_gmt":"2026-02-02T09:47:47","guid":{"rendered":"https:\/\/punticardinalioriens.it\/?p=380"},"modified":"2026-07-15T10:48:00","modified_gmt":"2026-07-15T08:48:00","slug":"presentazione-progetto","status":"publish","type":"post","link":"https:\/\/punticardinalioriens.it\/?p=380","title":{"rendered":"Presentazione progetto"},"content":{"rendered":"\n<p class=\"wp-block-paragraph\">Nella giornata di mercoled\u00ec 25 febbraio 2026, a San Vito dei Normanni ha preso ufficialmente avvio \u201cOriens 2.0\u201d, il nuovo modello di orientamento al lavoro promosso nell\u2019ambito dell\u2019Avviso regionale \u201cPunti cardinali for work. Punti di orientamento per la formazione e il lavoro\u201d della Regione Puglia.<\/p>\n\n\n\n<p class=\"wp-block-paragraph\">L\u2019Amministrazione comunale ha inaugurato le attivit\u00e0 progettuali presso \u201cLa Saletta\u201d di via Cavour, alla presenza dei rappresentanti istituzionali e dei partner di progetto.<\/p>\n\n\n\n<p class=\"wp-block-paragraph\">25 febbraio 2026 &#8211; Ore 17.30 &#8211; La Saletta \u2013 Via Cavour, San Vito dei Normanni<\/p>\n\n\n\n<p class=\"wp-block-paragraph\">Un progetto promosso nell\u2019ambito di \u201cPunti Cardinali for Work\u201d della Regione Puglia per sostenere studenti, giovani, disoccupati e cittadini nella scelta del proprio percorso di studio e lavoro.<\/p>\n\n\n\n<p class=\"wp-block-paragraph\">\u2022 Sportelli di orientamento<br>\u2022 Laboratori didattici<br>\u2022 Supporto all\u2019inserimento lavorativo<br>\u2022 Rete tra istituzioni, imprese e territorio<\/p>\n\n\n\n<p class=\"wp-block-paragraph\">Oriens 2.0 punta su inclusione, parit\u00e0 di genere e valorizzazione dei talenti, per costruire insieme nuove opportunit\u00e0 di crescita per la comunit\u00e0.<\/p>\n\n\n\n<p class=\"wp-block-paragraph\">Partecipazione libera.<br>Vi aspettiamo!<\/p>\n","protected":false},"excerpt":{"rendered":"<p>Nella giornata di mercoled\u00ec 25 febbraio 2026, a San Vito dei Normanni ha preso ufficialmente avvio \u201cOriens 2.0\u201d, il nuovo modello di orientamento al lavoro promosso nell\u2019ambito dell\u2019Avviso regionale \u201cPunti cardinali for work. Punti di orientamento per la formazione e il lavoro\u201d della Regione Puglia. L\u2019Amministrazione comunale ha inaugurato le attivit\u00e0 progettuali presso \u201cLa Saletta\u201d [&hellip;]<\/p>\n","protected":false},"author":1,"featured_media":381,"comment_status":"closed","ping_status":"closed","sticky":false,"template":"","format":"standard","meta":{"footnotes":""},"categories":[1],"tags":[],"class_list":["post-380","post","type-post","status-publish","format-standard","has-post-thumbnail","hentry","category-senza-categoria"],"yoast_head":"<!-- This site is optimized with the Yoast SEO plugin v28.0 - https:\/\/yoast.com\/product\/yoast-seo-wordpress\/ -->\n<title>Presentazione progetto - Oriens 2.0<\/title>\n<meta name=\"robots\" content=\"noindex, follow\" \/>\n<meta property=\"og:locale\" content=\"it_IT\" \/>\n<meta property=\"og:type\" content=\"article\" \/>\n<meta property=\"og:title\" content=\"Presentazione progetto - Oriens 2.0\" \/>\n<meta property=\"og:description\" content=\"Nella giornata di mercoled\u00ec 25 febbraio 2026, a San Vito dei Normanni ha preso ufficialmente avvio \u201cOriens 2.0\u201d, il nuovo modello di orientamento al lavoro promosso nell\u2019ambito dell\u2019Avviso regionale \u201cPunti cardinali for work. Punti di orientamento per la formazione e il lavoro\u201d della Regione Puglia. L\u2019Amministrazione comunale ha inaugurato le attivit\u00e0 progettuali presso \u201cLa Saletta\u201d [&hellip;]\" \/>\n<meta property=\"og:url\" content=\"https:\/\/punticardinalioriens.it\/?p=380\" \/>\n<meta property=\"og:site_name\" content=\"Oriens 2.0\" \/>\n<meta property=\"article:published_time\" content=\"2026-02-02T09:47:47+00:00\" \/>\n<meta property=\"article:modified_time\" content=\"2026-07-15T08:48:00+00:00\" \/>\n<meta property=\"og:image\" content=\"https:\/\/punticardinalioriens.it\/wp-content\/uploads\/2026\/07\/locandina-presentazione-progetto-25.02.jpeg\" \/>\n\t<meta property=\"og:image:width\" content=\"1024\" \/>\n\t<meta property=\"og:image:height\" content=\"1280\" \/>\n\t<meta property=\"og:image:type\" content=\"image\/jpeg\" \/>\n<meta name=\"author\" content=\"stefanogaw\" \/>\n<meta name=\"twitter:card\" content=\"summary_large_image\" \/>\n<meta name=\"twitter:label1\" content=\"Scritto da\" \/>\n\t<meta name=\"twitter:data1\" content=\"stefanogaw\" \/>\n\t<meta name=\"twitter:label2\" content=\"Tempo di lettura stimato\" \/>\n\t<meta name=\"twitter:data2\" content=\"2 minuti\" \/>\n<script type=\"application\/ld+json\" class=\"yoast-schema-graph\">{\"@context\":\"https:\\\/\\\/schema.org\",\"@graph\":[{\"@type\":\"Article\",\"@id\":\"https:\\\/\\\/punticardinalioriens.it\\\/?p=380#article\",\"isPartOf\":{\"@id\":\"https:\\\/\\\/punticardinalioriens.it\\\/?p=380\"},\"author\":{\"name\":\"stefanogaw\",\"@id\":\"https:\\\/\\\/punticardinalioriens.it\\\/#\\\/schema\\\/person\\\/3886507c04844e3dbbd827b56b3562c5\"},\"headline\":\"Presentazione progetto\",\"datePublished\":\"2026-02-02T09:47:47+00:00\",\"dateModified\":\"2026-07-15T08:48:00+00:00\",\"mainEntityOfPage\":{\"@id\":\"https:\\\/\\\/punticardinalioriens.it\\\/?p=380\"},\"wordCount\":151,\"publisher\":{\"@id\":\"https:\\\/\\\/punticardinalioriens.it\\\/#organization\"},\"image\":{\"@id\":\"https:\\\/\\\/punticardinalioriens.it\\\/?p=380#primaryimage\"},\"thumbnailUrl\":\"https:\\\/\\\/punticardinalioriens.it\\\/wp-content\\\/uploads\\\/2026\\\/07\\\/locandina-presentazione-progetto-25.02.jpeg\",\"inLanguage\":\"it-IT\"},{\"@type\":\"WebPage\",\"@id\":\"https:\\\/\\\/punticardinalioriens.it\\\/?p=380\",\"url\":\"https:\\\/\\\/punticardinalioriens.it\\\/?p=380\",\"name\":\"Presentazione progetto - Oriens 2.0\",\"isPartOf\":{\"@id\":\"https:\\\/\\\/punticardinalioriens.it\\\/#website\"},\"primaryImageOfPage\":{\"@id\":\"https:\\\/\\\/punticardinalioriens.it\\\/?p=380#primaryimage\"},\"image\":{\"@id\":\"https:\\\/\\\/punticardinalioriens.it\\\/?p=380#primaryimage\"},\"thumbnailUrl\":\"https:\\\/\\\/punticardinalioriens.it\\\/wp-content\\\/uploads\\\/2026\\\/07\\\/locandina-presentazione-progetto-25.02.jpeg\",\"datePublished\":\"2026-02-02T09:47:47+00:00\",\"dateModified\":\"2026-07-15T08:48:00+00:00\",\"breadcrumb\":{\"@id\":\"https:\\\/\\\/punticardinalioriens.it\\\/?p=380#breadcrumb\"},\"inLanguage\":\"it-IT\",\"potentialAction\":[{\"@type\":\"ReadAction\",\"target\":[\"https:\\\/\\\/punticardinalioriens.it\\\/?p=380\"]}]},{\"@type\":\"ImageObject\",\"inLanguage\":\"it-IT\",\"@id\":\"https:\\\/\\\/punticardinalioriens.it\\\/?p=380#primaryimage\",\"url\":\"https:\\\/\\\/punticardinalioriens.it\\\/wp-content\\\/uploads\\\/2026\\\/07\\\/locandina-presentazione-progetto-25.02.jpeg\",\"contentUrl\":\"https:\\\/\\\/punticardinalioriens.it\\\/wp-content\\\/uploads\\\/2026\\\/07\\\/locandina-presentazione-progetto-25.02.jpeg\",\"width\":1024,\"height\":1280},{\"@type\":\"BreadcrumbList\",\"@id\":\"https:\\\/\\\/punticardinalioriens.it\\\/?p=380#breadcrumb\",\"itemListElement\":[{\"@type\":\"ListItem\",\"position\":1,\"name\":\"Home\",\"item\":\"https:\\\/\\\/punticardinalioriens.it\\\/\"},{\"@type\":\"ListItem\",\"position\":2,\"name\":\"Presentazione progetto\"}]},{\"@type\":\"WebSite\",\"@id\":\"https:\\\/\\\/punticardinalioriens.it\\\/#website\",\"url\":\"https:\\\/\\\/punticardinalioriens.it\\\/\",\"name\":\"splc2\",\"description\":\"Modello innovativo di orientamento professionale per la comunit\u00e0 sanvitese\",\"publisher\":{\"@id\":\"https:\\\/\\\/punticardinalioriens.it\\\/#organization\"},\"potentialAction\":[{\"@type\":\"SearchAction\",\"target\":{\"@type\":\"EntryPoint\",\"urlTemplate\":\"https:\\\/\\\/punticardinalioriens.it\\\/?s={search_term_string}\"},\"query-input\":{\"@type\":\"PropertyValueSpecification\",\"valueRequired\":true,\"valueName\":\"search_term_string\"}}],\"inLanguage\":\"it-IT\"},{\"@type\":\"Organization\",\"@id\":\"https:\\\/\\\/punticardinalioriens.it\\\/#organization\",\"name\":\"splc2\",\"url\":\"https:\\\/\\\/punticardinalioriens.it\\\/\",\"logo\":{\"@type\":\"ImageObject\",\"inLanguage\":\"it-IT\",\"@id\":\"https:\\\/\\\/punticardinalioriens.it\\\/#\\\/schema\\\/logo\\\/image\\\/\",\"url\":\"https:\\\/\\\/punticardinalioriens.it\\\/wp-content\\\/uploads\\\/2025\\\/01\\\/dummy_500x350_ffffff_cccccc_il-tuo-logo-qui.jpg\",\"contentUrl\":\"https:\\\/\\\/punticardinalioriens.it\\\/wp-content\\\/uploads\\\/2025\\\/01\\\/dummy_500x350_ffffff_cccccc_il-tuo-logo-qui.jpg\",\"width\":500,\"height\":350,\"caption\":\"splc2\"},\"image\":{\"@id\":\"https:\\\/\\\/punticardinalioriens.it\\\/#\\\/schema\\\/logo\\\/image\\\/\"}},{\"@type\":\"Person\",\"@id\":\"https:\\\/\\\/punticardinalioriens.it\\\/#\\\/schema\\\/person\\\/3886507c04844e3dbbd827b56b3562c5\",\"name\":\"stefanogaw\",\"sameAs\":[\"https:\\\/\\\/punticardinalioriens.it\"],\"url\":\"https:\\\/\\\/punticardinalioriens.it\\\/?author=1\"}]}<\/script>\n<!-- \/ Yoast SEO plugin. -->","yoast_head_json":{"title":"Presentazione progetto - Oriens 2.0","robots":{"index":"noindex","follow":"follow"},"og_locale":"it_IT","og_type":"article","og_title":"Presentazione progetto - Oriens 2.0","og_description":"Nella giornata di mercoled\u00ec 25 febbraio 2026, a San Vito dei Normanni ha preso ufficialmente avvio \u201cOriens 2.0\u201d, il nuovo modello di orientamento al lavoro promosso nell\u2019ambito dell\u2019Avviso regionale \u201cPunti cardinali for work. Punti di orientamento per la formazione e il lavoro\u201d della Regione Puglia. L\u2019Amministrazione comunale ha inaugurato le attivit\u00e0 progettuali presso \u201cLa Saletta\u201d [&hellip;]","og_url":"https:\/\/punticardinalioriens.it\/?p=380","og_site_name":"Oriens 2.0","article_published_time":"2026-02-02T09:47:47+00:00","article_modified_time":"2026-07-15T08:48:00+00:00","og_image":[{"width":1024,"height":1280,"url":"https:\/\/punticardinalioriens.it\/wp-content\/uploads\/2026\/07\/locandina-presentazione-progetto-25.02.jpeg","type":"image\/jpeg"}],"author":"stefanogaw","twitter_card":"summary_large_image","twitter_misc":{"Scritto da":"stefanogaw","Tempo di lettura stimato":"2 minuti"},"schema":{"@context":"https:\/\/schema.org","@graph":[{"@type":"Article","@id":"https:\/\/punticardinalioriens.it\/?p=380#article","isPartOf":{"@id":"https:\/\/punticardinalioriens.it\/?p=380"},"author":{"name":"stefanogaw","@id":"https:\/\/punticardinalioriens.it\/#\/schema\/person\/3886507c04844e3dbbd827b56b3562c5"},"headline":"Presentazione progetto","datePublished":"2026-02-02T09:47:47+00:00","dateModified":"2026-07-15T08:48:00+00:00","mainEntityOfPage":{"@id":"https:\/\/punticardinalioriens.it\/?p=380"},"wordCount":151,"publisher":{"@id":"https:\/\/punticardinalioriens.it\/#organization"},"image":{"@id":"https:\/\/punticardinalioriens.it\/?p=380#primaryimage"},"thumbnailUrl":"https:\/\/punticardinalioriens.it\/wp-content\/uploads\/2026\/07\/locandina-presentazione-progetto-25.02.jpeg","inLanguage":"it-IT"},{"@type":"WebPage","@id":"https:\/\/punticardinalioriens.it\/?p=380","url":"https:\/\/punticardinalioriens.it\/?p=380","name":"Presentazione progetto - Oriens 2.0","isPartOf":{"@id":"https:\/\/punticardinalioriens.it\/#website"},"primaryImageOfPage":{"@id":"https:\/\/punticardinalioriens.it\/?p=380#primaryimage"},"image":{"@id":"https:\/\/punticardinalioriens.it\/?p=380#primaryimage"},"thumbnailUrl":"https:\/\/punticardinalioriens.it\/wp-content\/uploads\/2026\/07\/locandina-presentazione-progetto-25.02.jpeg","datePublished":"2026-02-02T09:47:47+00:00","dateModified":"2026-07-15T08:48:00+00:00","breadcrumb":{"@id":"https:\/\/punticardinalioriens.it\/?p=380#breadcrumb"},"inLanguage":"it-IT","potentialAction":[{"@type":"ReadAction","target":["https:\/\/punticardinalioriens.it\/?p=380"]}]},{"@type":"ImageObject","inLanguage":"it-IT","@id":"https:\/\/punticardinalioriens.it\/?p=380#primaryimage","url":"https:\/\/punticardinalioriens.it\/wp-content\/uploads\/2026\/07\/locandina-presentazione-progetto-25.02.jpeg","contentUrl":"https:\/\/punticardinalioriens.it\/wp-content\/uploads\/2026\/07\/locandina-presentazione-progetto-25.02.jpeg","width":1024,"height":1280},{"@type":"BreadcrumbList","@id":"https:\/\/punticardinalioriens.it\/?p=380#breadcrumb","itemListElement":[{"@type":"ListItem","position":1,"name":"Home","item":"https:\/\/punticardinalioriens.it\/"},{"@type":"ListItem","position":2,"name":"Presentazione progetto"}]},{"@type":"WebSite","@id":"https:\/\/punticardinalioriens.it\/#website","url":"https:\/\/punticardinalioriens.it\/","name":"splc2","description":"Modello innovativo di orientamento professionale per la comunit\u00e0 sanvitese","publisher":{"@id":"https:\/\/punticardinalioriens.it\/#organization"},"potentialAction":[{"@type":"SearchAction","target":{"@type":"EntryPoint","urlTemplate":"https:\/\/punticardinalioriens.it\/?s={search_term_string}"},"query-input":{"@type":"PropertyValueSpecification","valueRequired":true,"valueName":"search_term_string"}}],"inLanguage":"it-IT"},{"@type":"Organization","@id":"https:\/\/punticardinalioriens.it\/#organization","name":"splc2","url":"https:\/\/punticardinalioriens.it\/","logo":{"@type":"ImageObject","inLanguage":"it-IT","@id":"https:\/\/punticardinalioriens.it\/#\/schema\/logo\/image\/","url":"https:\/\/punticardinalioriens.it\/wp-content\/uploads\/2025\/01\/dummy_500x350_ffffff_cccccc_il-tuo-logo-qui.jpg","contentUrl":"https:\/\/punticardinalioriens.it\/wp-content\/uploads\/2025\/01\/dummy_500x350_ffffff_cccccc_il-tuo-logo-qui.jpg","width":500,"height":350,"caption":"splc2"},"image":{"@id":"https:\/\/punticardinalioriens.it\/#\/schema\/logo\/image\/"}},{"@type":"Person","@id":"https:\/\/punticardinalioriens.it\/#\/schema\/person\/3886507c04844e3dbbd827b56b3562c5","name":"stefanogaw","sameAs":["https:\/\/punticardinalioriens.it"],"url":"https:\/\/punticardinalioriens.it\/?author=1"}]}},"_links":{"self":[{"href":"https:\/\/punticardinalioriens.it\/index.php?rest_route=\/wp\/v2\/posts\/380","targetHints":{"allow":["GET"]}}],"collection":[{"href":"https:\/\/punticardinalioriens.it\/index.php?rest_route=\/wp\/v2\/posts"}],"about":[{"href":"https:\/\/punticardinalioriens.it\/index.php?rest_route=\/wp\/v2\/types\/post"}],"author":[{"embeddable":true,"href":"https:\/\/punticardinalioriens.it\/index.php?rest_route=\/wp\/v2\/users\/1"}],"replies":[{"embeddable":true,"href":"https:\/\/punticardinalioriens.it\/index.php?rest_route=%2Fwp%2Fv2%2Fcomments&post=380"}],"version-history":[{"count":1,"href":"https:\/\/punticardinalioriens.it\/index.php?rest_route=\/wp\/v2\/posts\/380\/revisions"}],"predecessor-version":[{"id":382,"href":"https:\/\/punticardinalioriens.it\/index.php?rest_route=\/wp\/v2\/posts\/380\/revisions\/382"}],"wp:featuredmedia":[{"embeddable":true,"href":"https:\/\/punticardinalioriens.it\/index.php?rest_route=\/wp\/v2\/media\/381"}],"wp:attachment":[{"href":"https:\/\/punticardinalioriens.it\/index.php?rest_route=%2Fwp%2Fv2%2Fmedia&parent=380"}],"wp:term":[{"taxonomy":"category","embeddable":true,"href":"https:\/\/punticardinalioriens.it\/index.php?rest_route=%2Fwp%2Fv2%2Fcategories&post=380"},{"taxonomy":"post_tag","embeddable":true,"href":"https:\/\/punticardinalioriens.it\/index.php?rest_route=%2Fwp%2Fv2%2Ftags&post=380"}],"curies":[{"name":"wp","href":"https:\/\/api.w.org\/{rel}","templated":true}]}}